{"id":2750,"date":"2022-07-01T13:26:45","date_gmt":"2022-07-01T11:26:45","guid":{"rendered":"https:\/\/scof.eu\/blog\/?p=2750"},"modified":"2024-12-24T12:12:47","modified_gmt":"2024-12-24T11:12:47","slug":"celebration-des-50-ans-dexpes-aux-picos-17-18septembre-2022","status":"publish","type":"post","link":"https:\/\/scof.eu\/blog\/2022\/07\/celebration-des-50-ans-dexpes-aux-picos-17-18septembre-2022\/","title":{"rendered":"CELEBRATION DES 50 ANS D&rsquo;EXPES AUX PICOS 17-18 SEPTEMBRE 2022"},"content":{"rendered":"<div class=\"wp-block-image\">\n<figure class=\"aligncenter size-full\"><img data-recalc-dims=\"1\" loading=\"lazy\" decoding=\"async\" width=\"474\" height=\"353\" src=\"https:\/\/i0.wp.com\/scof.eu\/blog\/wp-content\/uploads\/2022\/07\/image-1.png?resize=474%2C353&#038;ssl=1\" alt=\"\" class=\"wp-image-2752\"\/><\/figure>\n<\/div>\n\n\n<p> <span style=\"font-size: revert;\">50 ans d&rsquo;explorations sp\u00e9l\u00e9os par le SCOF et interclubs dans les Picos de Europa.<\/span><\/p>\n\n\n\n<p>A cette occasion un livret a \u00e9t\u00e9 \u00e9dit\u00e9 pour retracer l&rsquo;historique et remis aux participants \u00e0 la c\u00e9l\u00e9bration.  Pour le voir, <strong><a href=\"https:\/\/scof.eu\/blog\/wp-content\/uploads\/2022\/09\/SCOF_LIVRET_ACCEUIL_50-final.pdf\">cliquez ICI<\/a><\/strong><\/p>\n\n\n\n<p>De nombreuses photos ont \u00e9t\u00e9 prises et seront bient\u00f4t disponibles&#8230;<\/p>\n\n\n\n<p>En attendant, allez voir quelques photos du pass\u00e9 !<\/p>\n\n\n\n<p>pour la p\u00e9riode 1973 &#8211; 1990 :  cliquez sur <a href=\"https:\/\/e1.pcloud.link\/publink\/show?code=kZ0MAzZok5pzLxOlvQ2DzkxU7aCsjsDYDzX\">73-90<\/a> !<\/p>\n\n\n\n<p>et pour les ann\u00e9es ult\u00e9rieures, cliquez sur l&rsquo;ann\u00e9e souhait\u00e9e<\/p>\n\n\n\n<p><a href=\"https:\/\/e1.pcloud.link\/publink\/show?code=kZ6uNRZ511hcktx62H1E5J19XRYnSIwNl8y\">2012<\/a> &#8211; <a href=\"https:\/\/e1.pcloud.link\/publink\/show?code=kZbwGRZwgOLTpMYqSFqkmdeAWC1p0yzlNnV\">2013<\/a> &#8211; <a href=\"https:\/\/e1.pcloud.link\/publink\/show?code=kZMxMLZ5AQlNJjVpLS3rBrBECiuXk41CQA7\">2014<\/a> &#8211; <a href=\"https:\/\/e1.pcloud.link\/publink\/show?code=kZgxMLZd70Yr3w7q8FgXNiDyO6np4hLjpsV\">2015<\/a> &#8211; <a href=\"https:\/\/e1.pcloud.link\/publink\/show?code=kZCxMLZI3BxRDFYXlkGDkELolQvwpQ8Y4pX\">2016<\/a> &#8211; <a href=\"https:\/\/e1.pcloud.link\/publink\/show?code=kZNuNRZ8JM8IXI9b20XyEUnHn4nzz7kRFY7\">2017<\/a> &#8211; <a href=\"https:\/\/e1.pcloud.link\/publink\/show?code=kZdxMLZHJzvADBU3Ap19LtkBImdV0SkujMV\">2018<\/a> &#8211; <a href=\"https:\/\/e1.pcloud.link\/publink\/show?code=kZ6xMLZl1MdaYGB4YkS9Ry0vyaglm0eIdbV\">2019 <\/a> <\/p>\n\n\n\n<p><\/p>\n\n\n\n<p><\/p>\n","protected":false},"excerpt":{"rendered":"<p>50 ans d&rsquo;explorations sp\u00e9l\u00e9os par le SCOF et interclubs dans les Picos de Europa. A cette occasion un livret a \u00e9t\u00e9 \u00e9dit\u00e9 pour retracer l&rsquo;historique et remis aux participants \u00e0 la c\u00e9l\u00e9bration. Pour le voir, cliquez ICI De nombreuses photos ont \u00e9t\u00e9 prises et seront bient\u00f4t disponibles&#8230; En attendant, allez voir quelques photos du pass\u00e9 &hellip; <a href=\"https:\/\/scof.eu\/blog\/2022\/07\/celebration-des-50-ans-dexpes-aux-picos-17-18septembre-2022\/\" class=\"more-link\">Continuer la lecture de <span class=\"screen-reader-text\">CELEBRATION DES 50 ANS D&rsquo;EXPES AUX PICOS 17-18 SEPTEMBRE 2022<\/span>  <span class=\"meta-nav\">&rarr;<\/span><\/a><\/p>\n","protected":false},"author":2,"featured_media":0,"comment_status":"open","ping_status":"open","sticky":false,"template":"","format":"standard","meta":{"footnotes":""},"categories":[159,2,164,38],"tags":[],"class_list":["post-2750","post","type-post","status-publish","format-standard","hentry","category-159","category-picos","category-picos-2022","category-picos-2022-50-ans-dexpe"],"_links":{"self":[{"href":"https:\/\/scof.eu\/blog\/wp-json\/wp\/v2\/posts\/2750","targetHints":{"allow":["GET"]}}],"collection":[{"href":"https:\/\/scof.eu\/blog\/wp-json\/wp\/v2\/posts"}],"about":[{"href":"https:\/\/scof.eu\/blog\/wp-json\/wp\/v2\/types\/post"}],"author":[{"embeddable":true,"href":"https:\/\/scof.eu\/blog\/wp-json\/wp\/v2\/users\/2"}],"replies":[{"embeddable":true,"href":"https:\/\/scof.eu\/blog\/wp-json\/wp\/v2\/comments?post=2750"}],"version-history":[{"count":14,"href":"https:\/\/scof.eu\/blog\/wp-json\/wp\/v2\/posts\/2750\/revisions"}],"predecessor-version":[{"id":2809,"href":"https:\/\/scof.eu\/blog\/wp-json\/wp\/v2\/posts\/2750\/revisions\/2809"}],"wp:attachment":[{"href":"https:\/\/scof.eu\/blog\/wp-json\/wp\/v2\/media?parent=2750"}],"wp:term":[{"taxonomy":"category","embeddable":true,"href":"https:\/\/scof.eu\/blog\/wp-json\/wp\/v2\/categories?post=2750"},{"taxonomy":"post_tag","embeddable":true,"href":"https:\/\/scof.eu\/blog\/wp-json\/wp\/v2\/tags?post=2750"}],"curies":[{"name":"wp","href":"https:\/\/api.w.org\/{rel}","templated":true}]}}