{"id":1055,"date":"2018-11-25T22:47:40","date_gmt":"2018-11-25T21:47:40","guid":{"rendered":"http:\/\/scof.eu\/blog\/?p=1055"},"modified":"2018-12-03T23:39:49","modified_gmt":"2018-12-03T22:39:49","slug":"sortie-scof-riviere-de-chaland-10-11-nov-2018","status":"publish","type":"post","link":"https:\/\/scof.eu\/blog\/2018\/11\/sortie-scof-riviere-de-chaland-10-11-nov-2018\/","title":{"rendered":"SORTIE SCOF &#8211; RIVIERE DE CHALAND 10-11 NOV 2018"},"content":{"rendered":"<p><u>Lieu<\/u>:\u00a0 Haute-Sa\u00f4ne, g\u00eete \u00e0 CHERLIEU , dans les communs de l&rsquo;ancienne abbaye cistercienne ( TB, sp\u00e9l\u00e9ologues bienvenus!)<\/p>\n<div><u>Participants<\/u>:<\/div>\n<div>SCOF:\u00a0 Philippe Geffard, Yves Marang, Keltia Gomez, Isabelle Durand, Louis Renouard<\/div>\n<p>SCL: S\u00e9bastien Collet , Fr\u00e9d\u00e9ric&#8230;<\/p>\n<p>Cliquer ci-apr\u00e8s pour lire le c\/r de la sortie:\u00a0<a href=\"http:\/\/scof.eu\/blog\/wp-content\/uploads\/2018\/11\/CR-Haute-Sa\u00f4ne.pdf\">CR Haute-Sa\u00f4ne<\/a><\/p>\n<p>Avec quelques photos\u00a0 des valeureux participants<\/p>\n<figure id=\"attachment_1045\" aria-describedby=\"caption-attachment-1045\" style=\"width: 500px\" class=\"wp-caption alignright\"><a href=\"https:\/\/i0.wp.com\/scof.eu\/blog\/wp-content\/uploads\/2018\/11\/DSCF0873-Puits-des-Petites-Chailles.jpg\"><img data-recalc-dims=\"1\" loading=\"lazy\" decoding=\"async\" class=\"wp-image-1042 size-medium\" title=\"entr\u00e9e des Petits Chailles-photo Louis Renouard\" src=\"https:\/\/i0.wp.com\/scof.eu\/blog\/wp-content\/uploads\/2018\/11\/DSCF0873-Puits-des-Petites-Chailles-500x375.jpg?resize=474%2C356\" alt=\"\" width=\"474\" height=\"356\" srcset=\"https:\/\/i0.wp.com\/scof.eu\/blog\/wp-content\/uploads\/2018\/11\/DSCF0873-Puits-des-Petites-Chailles.jpg?resize=500%2C375&amp;ssl=1 500w, https:\/\/i0.wp.com\/scof.eu\/blog\/wp-content\/uploads\/2018\/11\/DSCF0873-Puits-des-Petites-Chailles.jpg?resize=1500%2C1125&amp;ssl=1 1500w, https:\/\/i0.wp.com\/scof.eu\/blog\/wp-content\/uploads\/2018\/11\/DSCF0873-Puits-des-Petites-Chailles.jpg?w=948&amp;ssl=1 948w, https:\/\/i0.wp.com\/scof.eu\/blog\/wp-content\/uploads\/2018\/11\/DSCF0873-Puits-des-Petites-Chailles.jpg?w=1422&amp;ssl=1 1422w\" sizes=\"auto, (max-width: 474px) 100vw, 474px\" \/><\/a><figcaption id=\"caption-attachment-1045\" class=\"wp-caption-text\">Entr\u00e9e des Petits Chailles-photo Louis Renouard<a style=\"font-weight: bold; background-color: transparent; font-size: 16px;\" href=\"https:\/\/i0.wp.com\/scof.eu\/blog\/wp-content\/uploads\/2018\/11\/P1050528.jpg\"><img data-recalc-dims=\"1\" loading=\"lazy\" decoding=\"async\" class=\"wp-image-1043 size-medium\" src=\"https:\/\/i0.wp.com\/scof.eu\/blog\/wp-content\/uploads\/2018\/11\/P1050528-500x375.jpg?resize=474%2C356\" alt=\"\" width=\"474\" height=\"356\" srcset=\"https:\/\/i0.wp.com\/scof.eu\/blog\/wp-content\/uploads\/2018\/11\/P1050528.jpg?resize=500%2C375&amp;ssl=1 500w, https:\/\/i0.wp.com\/scof.eu\/blog\/wp-content\/uploads\/2018\/11\/P1050528.jpg?w=1024&amp;ssl=1 1024w, https:\/\/i0.wp.com\/scof.eu\/blog\/wp-content\/uploads\/2018\/11\/P1050528.jpg?w=948&amp;ssl=1 948w\" sizes=\"auto, (max-width: 474px) 100vw, 474px\" \/><\/a><span style=\"background-color: transparent;\">Descente sur \u00e9chelles apr\u00e8s la buse &#8211; photo Yves Marang<\/span><a style=\"background-color: transparent; font-weight: bold; font-size: 16px;\" href=\"https:\/\/i0.wp.com\/scof.eu\/blog\/wp-content\/uploads\/2018\/11\/P1050534.jpg\"><img data-recalc-dims=\"1\" loading=\"lazy\" decoding=\"async\" class=\"wp-image-1058 size-medium\" src=\"https:\/\/i0.wp.com\/scof.eu\/blog\/wp-content\/uploads\/2018\/11\/P1050534-500x375.jpg?resize=474%2C356\" alt=\"\" width=\"474\" height=\"356\" srcset=\"https:\/\/i0.wp.com\/scof.eu\/blog\/wp-content\/uploads\/2018\/11\/P1050534.jpg?resize=500%2C375&amp;ssl=1 500w, https:\/\/i0.wp.com\/scof.eu\/blog\/wp-content\/uploads\/2018\/11\/P1050534.jpg?resize=1500%2C1125&amp;ssl=1 1500w, https:\/\/i0.wp.com\/scof.eu\/blog\/wp-content\/uploads\/2018\/11\/P1050534.jpg?w=948&amp;ssl=1 948w, https:\/\/i0.wp.com\/scof.eu\/blog\/wp-content\/uploads\/2018\/11\/P1050534.jpg?w=1422&amp;ssl=1 1422w\" sizes=\"auto, (max-width: 474px) 100vw, 474px\" \/><\/a><span style=\"background-color: transparent;\">Une belle, coul\u00e9e mais pas touch\u00e9e! &#8211; photo Yves Marang<\/span><a style=\"font-weight: bold; background-color: transparent; font-size: 16px;\" href=\"https:\/\/i0.wp.com\/scof.eu\/blog\/wp-content\/uploads\/2018\/11\/DSCF0885-Chaland-sapins-dargile.jpg\"><img data-recalc-dims=\"1\" loading=\"lazy\" decoding=\"async\" class=\"wp-image-1059 size-medium\" src=\"https:\/\/i0.wp.com\/scof.eu\/blog\/wp-content\/uploads\/2018\/11\/DSCF0885-Chaland-sapins-dargile-500x375.jpg?resize=474%2C356\" alt=\"\" width=\"474\" height=\"356\" srcset=\"https:\/\/i0.wp.com\/scof.eu\/blog\/wp-content\/uploads\/2018\/11\/DSCF0885-Chaland-sapins-dargile.jpg?resize=500%2C375&amp;ssl=1 500w, https:\/\/i0.wp.com\/scof.eu\/blog\/wp-content\/uploads\/2018\/11\/DSCF0885-Chaland-sapins-dargile.jpg?resize=1500%2C1125&amp;ssl=1 1500w, https:\/\/i0.wp.com\/scof.eu\/blog\/wp-content\/uploads\/2018\/11\/DSCF0885-Chaland-sapins-dargile.jpg?w=948&amp;ssl=1 948w, https:\/\/i0.wp.com\/scof.eu\/blog\/wp-content\/uploads\/2018\/11\/DSCF0885-Chaland-sapins-dargile.jpg?w=1422&amp;ssl=1 1422w\" sizes=\"auto, (max-width: 474px) 100vw, 474px\" \/><\/a><span style=\"background-color: transparent;\">Des sapins d&rsquo;argile &#8211; photo Louis Renouard<\/span><a style=\"font-weight: bold; background-color: transparent; font-size: 16px;\" href=\"https:\/\/i0.wp.com\/scof.eu\/blog\/wp-content\/uploads\/2018\/11\/Entree_Deujeau.jpg\"><img data-recalc-dims=\"1\" loading=\"lazy\" decoding=\"async\" class=\"wp-image-1045 size-medium\" src=\"https:\/\/i0.wp.com\/scof.eu\/blog\/wp-content\/uploads\/2018\/11\/Entree_Deujeau-500x375.jpg?resize=474%2C356\" alt=\"\" width=\"474\" height=\"356\" srcset=\"https:\/\/i0.wp.com\/scof.eu\/blog\/wp-content\/uploads\/2018\/11\/Entree_Deujeau.jpg?resize=500%2C375&amp;ssl=1 500w, https:\/\/i0.wp.com\/scof.eu\/blog\/wp-content\/uploads\/2018\/11\/Entree_Deujeau.jpg?w=1024&amp;ssl=1 1024w, https:\/\/i0.wp.com\/scof.eu\/blog\/wp-content\/uploads\/2018\/11\/Entree_Deujeau.jpg?w=948&amp;ssl=1 948w\" sizes=\"auto, (max-width: 474px) 100vw, 474px\" \/><\/a><span style=\"background-color: transparent;\">La buse d&rsquo;entr\u00e9e du Deujeau &#8211; photo Yves Marang<\/span><a style=\"font-weight: bold; background-color: transparent;\" href=\"https:\/\/i0.wp.com\/scof.eu\/blog\/wp-content\/uploads\/2018\/11\/P1050562.jpg\"><img data-recalc-dims=\"1\" loading=\"lazy\" decoding=\"async\" class=\"wp-image-1044 size-medium\" src=\"https:\/\/i0.wp.com\/scof.eu\/blog\/wp-content\/uploads\/2018\/11\/P1050562-500x375.jpg?resize=474%2C356\" alt=\"\" width=\"474\" height=\"356\" srcset=\"https:\/\/i0.wp.com\/scof.eu\/blog\/wp-content\/uploads\/2018\/11\/P1050562.jpg?resize=500%2C375&amp;ssl=1 500w, https:\/\/i0.wp.com\/scof.eu\/blog\/wp-content\/uploads\/2018\/11\/P1050562.jpg?w=1024&amp;ssl=1 1024w, https:\/\/i0.wp.com\/scof.eu\/blog\/wp-content\/uploads\/2018\/11\/P1050562.jpg?w=948&amp;ssl=1 948w\" sizes=\"auto, (max-width: 474px) 100vw, 474px\" \/><\/a><span style=\"background-color: transparent;\">Et la sortie&#8230;photo Yves Marang<\/span><\/figcaption><\/figure>\n<p>&nbsp;<\/p>\n","protected":false},"excerpt":{"rendered":"<p>Lieu:\u00a0 Haute-Sa\u00f4ne, g\u00eete \u00e0 CHERLIEU , dans les communs de l&rsquo;ancienne abbaye cistercienne ( TB, sp\u00e9l\u00e9ologues bienvenus!) Participants: SCOF:\u00a0 Philippe Geffard, Yves Marang, Keltia Gomez, Isabelle Durand, Louis Renouard SCL: S\u00e9bastien Collet , Fr\u00e9d\u00e9ric&#8230; Cliquer ci-apr\u00e8s pour lire le c\/r de la sortie:\u00a0CR Haute-Sa\u00f4ne Avec quelques photos\u00a0 des valeureux participants &nbsp;<\/p>\n","protected":false},"author":2,"featured_media":0,"comment_status":"open","ping_status":"open","sticky":false,"template":"","format":"standard","meta":{"footnotes":""},"categories":[3],"tags":[],"class_list":["post-1055","post","type-post","status-publish","format-standard","hentry","category-cr-sorties"],"_links":{"self":[{"href":"https:\/\/scof.eu\/blog\/wp-json\/wp\/v2\/posts\/1055","targetHints":{"allow":["GET"]}}],"collection":[{"href":"https:\/\/scof.eu\/blog\/wp-json\/wp\/v2\/posts"}],"about":[{"href":"https:\/\/scof.eu\/blog\/wp-json\/wp\/v2\/types\/post"}],"author":[{"embeddable":true,"href":"https:\/\/scof.eu\/blog\/wp-json\/wp\/v2\/users\/2"}],"replies":[{"embeddable":true,"href":"https:\/\/scof.eu\/blog\/wp-json\/wp\/v2\/comments?post=1055"}],"version-history":[{"count":11,"href":"https:\/\/scof.eu\/blog\/wp-json\/wp\/v2\/posts\/1055\/revisions"}],"predecessor-version":[{"id":1130,"href":"https:\/\/scof.eu\/blog\/wp-json\/wp\/v2\/posts\/1055\/revisions\/1130"}],"wp:attachment":[{"href":"https:\/\/scof.eu\/blog\/wp-json\/wp\/v2\/media?parent=1055"}],"wp:term":[{"taxonomy":"category","embeddable":true,"href":"https:\/\/scof.eu\/blog\/wp-json\/wp\/v2\/categories?post=1055"},{"taxonomy":"post_tag","embeddable":true,"href":"https:\/\/scof.eu\/blog\/wp-json\/wp\/v2\/tags?post=1055"}],"curies":[{"name":"wp","href":"https:\/\/api.w.org\/{rel}","templated":true}]}}